{"id":2331,"date":"2013-06-04T16:31:33","date_gmt":"2013-06-04T22:31:33","guid":{"rendered":"http:\/\/www.blackactivistwg.org\/blog\/?p=2331"},"modified":"2013-07-30T12:28:06","modified_gmt":"2013-07-30T18:28:06","slug":"guest-larry-pinkney-on-civil-radio-fm98-budapest-hungary-3","status":"publish","type":"post","link":"http:\/\/www.blackactivistwg.org\/blog\/guest-larry-pinkney-on-civil-radio-fm98-budapest-hungary-3\/","title":{"rendered":"Guest Larry Pinkney on Civil R\u00e1d\u00edo FM98, Budapest, Hungary"},"content":{"rendered":"<p>Larry Pinkney was on Civil R\u00e1d\u00edo FM98, Budapest, Hungary on June 4, 2013 with host Mouksa. Listen in English and Hungarian: <a href=\"http:\/\/www.blackactivistwg.org\/blog\/wp-content\/uploads\/2013\/06\/2013_06_04_21_00_01Hungary.mp3\" target=\"_blank\">Part 1<\/a> &amp; <a href=\"http:\/\/www.blackactivistwg.org\/blog\/wp-content\/uploads\/2013\/06\/2013_06_04_21_30_01Hungary.mp3\" target=\"_blank\">Part 2<\/a><\/p>\n<p><a title=\"Civil Radio FM 98, Hungary\" href=\"http:\/\/www.civilradio.hu\/\" target=\"_blank\">http:\/\/www.civilradio.hu<\/a><br \/>\nPsychedelic Cowboys Feeling<br \/>\nP\u00c1ROS KEDD 21:00-22:00<br \/>\nMouksa<\/p>\n<p>T\u00e9ma: Amerika rend\u0151r \u00e1llamforma fel\u00e9 halad &#8211; egy m\u00e1sik v\u00e9lem\u00e9ny!<\/p>\n<p>Vend\u00e9g\u00fcnk: Larry Pinkney, legend\u00e1s politikai aktivista, aki a Fekete P\u00e1rduc \u00d6nv\u00e9delemi P\u00e1rt tagja volt (egy afro-amerikai forradalmi szocialista szervezet 1966-1982-ig), az \u00da-Afrika-i K\u00f6zt\u00e1rsas\u00e1g (RNS) volt bel\u00fcgyminisztere (egy t\u00e1rsadalmi mozgalom az 1960-1970-es \u00e9vekben egy f\u00fcggetlen afro-amerikai t\u00f6bbs\u00e9gi orsz\u00e1g l\u00e9trehoz\u00e1s\u00e1\u00e9rt\u00a0az Egyes\u00fclt \u00c1llamok d\u00e9l-keleti r\u00e9sz\u00e9n), \u00e9s sok \u00e9vig\u00a0amerikai politikai fogoly.<br \/>\nSkype-on\u00a0lesz vel\u00fcnk Amerik\u00e1b\u00f3l.<\/p>\n<p>M\u0171sorvezet\u0151k: Mouksa \u00e9s\u00a0Bori<br \/>\nZene: Psychedelic Cowboys<\/p>\n<p>A m\u0171sor h\u00e1rom r\u00e9sze:<br \/>\n1. Larry Pinkney \u00e9letrajza.\u00a0Az USA rend\u0151r \u00e1llamforma fel\u00e9 halad?<br \/>\n2. Az USA seg\u00edti a terrorist\u00e1kat Sz\u00edri\u00e1ban?<br \/>\n3. H\u00e1rom \u00faj nagy politikai botr\u00e1ny &#8211; Obam\u00e1nak v\u00e9ge?<\/p>\n<p style=\"text-align: center;\">\u2022\u2022\u2022<\/p>\n<p><em><strong>Larry Pinkney<\/strong><\/em> <em>is a veteran of the Black Panther Party, the former Minister of Interior of the Republic of New Africa, a former political prisoner and the only American to have successfully self-authored his civil\/political rights case to the United Nations under the International Covenant on Civil and Political Rights. In connection with his political organizing activities, Pinkney was interviewed in 1988 on the nationally televised PBS News Hour, formerly known as The MacNeil\/Lehrer News Hour, and more recently on the nationally syndicated Alex Jones Show. Pinkney is a former university instructor of political science and international relations, and his writings have been published in various places, including The Boston Globe, San Francisco BayView newspaper, Black Commentator, Intrepid Report, Global Research (Canada), LINKE ZEITUNG (Germany), 107 Cowgate (Ireland and Scotland), and Mayihlome News (Azania\/South Africa). He is in the archives of Dr. Huey P. Newton (Stanford University, CA), cofounder of the Black Panther Party. For more about Larry Pinkney see the book,\u00a0<a href=\"http:\/\/www.amazon.com\/gp\/product\/0887392865\/ref=as_li_tf_tl?ie=UTF8&amp;tag=blackcommenta-20&amp;link_code=as3&amp;camp=211189&amp;creative=373489&amp;creativeASIN=0887392865\" target=\"_blank\">Saying No to Power: Autobiography of a 20th Century Activist and Thinker<\/a>, by William Mandel [Introduction by Howard Zinn]. (Click\u00a0<a href=\"http:\/\/www.struggle-and-win.net\/13201\/43480.html\" target=\"_blank\">here<\/a>\u00a0to read excerpts from the book.)<\/em><\/p>\n","protected":false},"excerpt":{"rendered":"<p>Larry Pinkney was on Civil R\u00e1d\u00edo FM98, Budapest, Hungary on June 4, 2013 with host Mouksa. Listen in English and Hungarian: <a href=\"http:\/\/www.blackactivistwg.org\/blog\/wp-content\/uploads\/2013\/06\/2013_06_04_21_00_01Hungary.mp3\" target=\"_blank\">Part 1<\/a> &amp; <a href=\"http:\/\/www.blackactivistwg.org\/blog\/wp-content\/uploads\/2013\/06\/2013_06_04_21_30_01Hungary.mp3\" target=\"_blank\">Part 2<\/a><\/p>\n<p><a title=\"Civil Radio FM 98, Hungary\" href=\"http:\/\/www.civilradio.hu\/\" target=\"_blank\">http:\/\/www.civilradio.hu<\/a><br \/> Psychedelic Cowboys Feeling<br \/> P\u00c1ROS KEDD 21:00-22:00<br \/> Mouksa<\/p>\n<p>T\u00e9ma: Amerika rend\u0151r \u00e1llamforma fel\u00e9 halad &#8211; [&#8230;]<\/p>\n","protected":false},"author":1,"featured_media":0,"comment_status":"open","ping_status":"open","sticky":false,"template":"","format":"standard","meta":[],"categories":[22,36],"tags":[],"_links":{"self":[{"href":"http:\/\/www.blackactivistwg.org\/blog\/wp-json\/wp\/v2\/posts\/2331"}],"collection":[{"href":"http:\/\/www.blackactivistwg.org\/blog\/wp-json\/wp\/v2\/posts"}],"about":[{"href":"http:\/\/www.blackactivistwg.org\/blog\/wp-json\/wp\/v2\/types\/post"}],"author":[{"embeddable":true,"href":"http:\/\/www.blackactivistwg.org\/blog\/wp-json\/wp\/v2\/users\/1"}],"replies":[{"embeddable":true,"href":"http:\/\/www.blackactivistwg.org\/blog\/wp-json\/wp\/v2\/comments?post=2331"}],"version-history":[{"count":16,"href":"http:\/\/www.blackactivistwg.org\/blog\/wp-json\/wp\/v2\/posts\/2331\/revisions"}],"predecessor-version":[{"id":2344,"href":"http:\/\/www.blackactivistwg.org\/blog\/wp-json\/wp\/v2\/posts\/2331\/revisions\/2344"}],"wp:attachment":[{"href":"http:\/\/www.blackactivistwg.org\/blog\/wp-json\/wp\/v2\/media?parent=2331"}],"wp:term":[{"taxonomy":"category","embeddable":true,"href":"http:\/\/www.blackactivistwg.org\/blog\/wp-json\/wp\/v2\/categories?post=2331"},{"taxonomy":"post_tag","embeddable":true,"href":"http:\/\/www.blackactivistwg.org\/blog\/wp-json\/wp\/v2\/tags?post=2331"}],"curies":[{"name":"wp","href":"https:\/\/api.w.org\/{rel}","templated":true}]}}